{"id":6053,"date":"2025-12-18T10:00:04","date_gmt":"2025-12-18T09:00:04","guid":{"rendered":"https:\/\/esmfoundation.org\/?p=6053"},"modified":"2025-12-18T09:57:06","modified_gmt":"2025-12-18T08:57:06","slug":"die-verwundbarkeit-der-schweiz-interview-mit-alessa-hool","status":"publish","type":"post","link":"https:\/\/esmfoundation.org\/de\/2025\/12\/18\/die-verwundbarkeit-der-schweiz-interview-mit-alessa-hool\/","title":{"rendered":"Die Verwundbarkeit der Schweiz: Interview mit Alessa Hool"},"content":{"rendered":"\n<p>In einer neuen Motion fordert die Aussenpolitische Kommission des Nationalrats, kritische Rohstoffe systematisch in Freihandelsabkommen zu verankern &#8211; eine Massnahme, die der Bundesrat in dieser Form nicht f\u00fcr n\u00f6tig h\u00e4lt. Im Interview mit der SATW analysiert Gesch\u00e4ftsf\u00fchrerin der Stiftung ESM, Alessa Hool, wo f\u00fcr die Schweiz Risiken bei der Rohstoffversorgung bestehen und welche Branchen gef\u00e4hrdet sind. <mark style=\"background-color:rgba(0, 0, 0, 0)\" class=\"has-inline-color has-luminous-vivid-amber-color\"><a href=\"https:\/\/www.satw.ch\/de\/news\/wir-sind-deutlich-verletzlich-die-abhaengigkeit-der-schweiz-von-kritischen-rohstoffen?setLang=1\">Lesen Sie das Interview<\/a><\/mark><\/p>\n\n\n\n<p>Dieser Artikel ist Teil einer Interviewserie mit Gesch\u00e4ftsf\u00fchrerin der Stiftung ESM und Expertin der SATW-Themenplattform Nachhaltige Kreislaufwirtschaft Alessa Hool.<\/p>\n","protected":false},"excerpt":{"rendered":"<p>In einer neuen Motion fordert die Aussenpolitische Kommission des Nationalrats, kritische Rohstoffe systematisch in Freihandelsabkommen zu verankern &#8211; eine Massnahme, die der Bundesrat in dieser Form nicht f\u00fcr n\u00f6tig h\u00e4lt. Im Interview mit der SATW analysiert Gesch\u00e4ftsf\u00fchrerin der Stiftung ESM, Alessa Hool, wo f\u00fcr die Schweiz Risiken bei der Rohstoffversorgung bestehen und welche Branchen gef\u00e4hrdet&#8230; <\/p>\n<div class=\"clear\"><\/div>\n<p><a href=\"https:\/\/esmfoundation.org\/de\/2025\/12\/18\/die-verwundbarkeit-der-schweiz-interview-mit-alessa-hool\/\" class=\"excerpt-read-more\">Read More<\/a><\/p>\n","protected":false},"author":395,"featured_media":6067,"comment_status":"closed","ping_status":"closed","sticky":false,"template":"","format":"standard","meta":{"_ti_tpc_template_sync":false,"_ti_tpc_template_id":"","footnotes":""},"categories":[68],"tags":[],"class_list":["post-6053","post","type-post","status-publish","format-standard","has-post-thumbnail","hentry","category-news-de"],"_links":{"self":[{"href":"https:\/\/esmfoundation.org\/de\/wp-json\/wp\/v2\/posts\/6053"}],"collection":[{"href":"https:\/\/esmfoundation.org\/de\/wp-json\/wp\/v2\/posts"}],"about":[{"href":"https:\/\/esmfoundation.org\/de\/wp-json\/wp\/v2\/types\/post"}],"author":[{"embeddable":true,"href":"https:\/\/esmfoundation.org\/de\/wp-json\/wp\/v2\/users\/395"}],"replies":[{"embeddable":true,"href":"https:\/\/esmfoundation.org\/de\/wp-json\/wp\/v2\/comments?post=6053"}],"version-history":[{"count":8,"href":"https:\/\/esmfoundation.org\/de\/wp-json\/wp\/v2\/posts\/6053\/revisions"}],"predecessor-version":[{"id":6070,"href":"https:\/\/esmfoundation.org\/de\/wp-json\/wp\/v2\/posts\/6053\/revisions\/6070"}],"wp:featuredmedia":[{"embeddable":true,"href":"https:\/\/esmfoundation.org\/de\/wp-json\/wp\/v2\/media\/6067"}],"wp:attachment":[{"href":"https:\/\/esmfoundation.org\/de\/wp-json\/wp\/v2\/media?parent=6053"}],"wp:term":[{"taxonomy":"category","embeddable":true,"href":"https:\/\/esmfoundation.org\/de\/wp-json\/wp\/v2\/categories?post=6053"},{"taxonomy":"post_tag","embeddable":true,"href":"https:\/\/esmfoundation.org\/de\/wp-json\/wp\/v2\/tags?post=6053"}],"curies":[{"name":"wp","href":"https:\/\/api.w.org\/{rel}","templated":true}]}}